{"id":9,"date":"2023-10-27T15:29:00","date_gmt":"2023-10-27T13:29:00","guid":{"rendered":"https:\/\/chauffagiste.tel\/blog\/?p=9"},"modified":"2023-10-27T16:30:05","modified_gmt":"2023-10-27T14:30:05","slug":"thomas-stephan-lance-son-activite-de-chauffagiste-a-melgven","status":"publish","type":"post","link":"https:\/\/chauffagiste.tel\/blog\/2023\/10\/27\/thomas-stephan-lance-son-activite-de-chauffagiste-a-melgven\/","title":{"rendered":"Thomas St\u00e9phan lance son activit\u00e9 de chauffagiste \u00e0 Melgven"},"content":{"rendered":"<p>Le jeune artisan Thomas St\u00e9phan est pr\u00eat pour toutes interventions sur les chaudi\u00e8res gaz et fuel apr\u00e8s avoir cr\u00e9\u00e9 son entreprise individuelle \u00e0 Melgven. Thomas, originaire de Pontivy, habitant le bourg de Melgven, propose depuis d\u00e9but octobre ses services en chauffage, entretien, d\u00e9pannage et installation.<\/p>\n<div id=\"ez-toc-container\" class=\"ez-toc-v2_0_75 counter-hierarchy ez-toc-counter ez-toc-grey ez-toc-container-direction\">\n<div class=\"ez-toc-title-container\">\n<p class=\"ez-toc-title\" style=\"cursor:inherit\">Table of Contents<\/p>\n<span class=\"ez-toc-title-toggle\"><a href=\"#\" class=\"ez-toc-pull-right ez-toc-btn ez-toc-btn-xs ez-toc-btn-default ez-toc-toggle\" aria-label=\"Toggle Table of Content\"><span class=\"ez-toc-js-icon-con\"><span class=\"\"><span class=\"eztoc-hide\" style=\"display:none;\">Toggle<\/span><span class=\"ez-toc-icon-toggle-span\"><svg style=\"fill: #999;color:#999\" xmlns=\"http:\/\/www.w3.org\/2000\/svg\" class=\"list-377408\" width=\"20px\" height=\"20px\" viewBox=\"0 0 24 24\" fill=\"none\"><path d=\"M6 6H4v2h2V6zm14 0H8v2h12V6zM4 11h2v2H4v-2zm16 0H8v2h12v-2zM4 16h2v2H4v-2zm16 0H8v2h12v-2z\" fill=\"currentColor\"><\/path><\/svg><svg style=\"fill: #999;color:#999\" class=\"arrow-unsorted-368013\" xmlns=\"http:\/\/www.w3.org\/2000\/svg\" width=\"10px\" height=\"10px\" viewBox=\"0 0 24 24\" version=\"1.2\" baseProfile=\"tiny\"><path d=\"M18.2 9.3l-6.2-6.3-6.2 6.3c-.2.2-.3.4-.3.7s.1.5.3.7c.2.2.4.3.7.3h11c.3 0 .5-.1.7-.3.2-.2.3-.5.3-.7s-.1-.5-.3-.7zM5.8 14.7l6.2 6.3 6.2-6.3c.2-.2.3-.5.3-.7s-.1-.5-.3-.7c-.2-.2-.4-.3-.7-.3h-11c-.3 0-.5.1-.7.3-.2.2-.3.5-.3.7s.1.5.3.7z\"\/><\/svg><\/span><\/span><\/span><\/a><\/span><\/div>\n<nav><ul class='ez-toc-list ez-toc-list-level-1 ' ><li class='ez-toc-page-1 ez-toc-heading-level-2'><a class=\"ez-toc-link ez-toc-heading-1\" href=\"https:\/\/chauffagiste.tel\/blog\/2023\/10\/27\/thomas-stephan-lance-son-activite-de-chauffagiste-a-melgven\/#Un_parcours_professionnel_solide\" >Un parcours professionnel solide<\/a><ul class='ez-toc-list-level-3' ><li class='ez-toc-heading-level-3'><a class=\"ez-toc-link ez-toc-heading-2\" href=\"https:\/\/chauffagiste.tel\/blog\/2023\/10\/27\/thomas-stephan-lance-son-activite-de-chauffagiste-a-melgven\/#Des_competences_variees_au_service_des_clients\" >Des comp\u00e9tences vari\u00e9es au service des clients<\/a><\/li><\/ul><\/li><li class='ez-toc-page-1 ez-toc-heading-level-2'><a class=\"ez-toc-link ez-toc-heading-3\" href=\"https:\/\/chauffagiste.tel\/blog\/2023\/10\/27\/thomas-stephan-lance-son-activite-de-chauffagiste-a-melgven\/#Une_entreprise_locale_a_lecoute_de_sa_clientele\" >Une entreprise locale \u00e0 l&rsquo;\u00e9coute de sa client\u00e8le<\/a><ul class='ez-toc-list-level-3' ><li class='ez-toc-heading-level-3'><a class=\"ez-toc-link ez-toc-heading-4\" href=\"https:\/\/chauffagiste.tel\/blog\/2023\/10\/27\/thomas-stephan-lance-son-activite-de-chauffagiste-a-melgven\/#Des_services_adaptes_aux_particuliers_comme_aux_professionnels\" >Des services adapt\u00e9s aux particuliers comme aux professionnels<\/a><\/li><\/ul><\/li><li class='ez-toc-page-1 ez-toc-heading-level-2'><a class=\"ez-toc-link ez-toc-heading-5\" href=\"https:\/\/chauffagiste.tel\/blog\/2023\/10\/27\/thomas-stephan-lance-son-activite-de-chauffagiste-a-melgven\/#Une_activite_en_plein_essor_malgre_la_crise_sanitaire\" >Une activit\u00e9 en plein essor malgr\u00e9 la crise sanitaire<\/a><ul class='ez-toc-list-level-3' ><li class='ez-toc-heading-level-3'><a class=\"ez-toc-link ez-toc-heading-6\" href=\"https:\/\/chauffagiste.tel\/blog\/2023\/10\/27\/thomas-stephan-lance-son-activite-de-chauffagiste-a-melgven\/#Un_entrepreneur_qui_sadapte_aux_contraintes_du_moment\" >Un entrepreneur qui s&rsquo;adapte aux contraintes du moment<\/a><\/li><\/ul><\/li><li class='ez-toc-page-1 ez-toc-heading-level-2'><a class=\"ez-toc-link ez-toc-heading-7\" href=\"https:\/\/chauffagiste.tel\/blog\/2023\/10\/27\/thomas-stephan-lance-son-activite-de-chauffagiste-a-melgven\/#En_resume_une_entreprise_au_service_des_habitants_de_Melgven\" >En r\u00e9sum\u00e9&nbsp;: une entreprise au service des habitants de Melgven<\/a><\/li><\/ul><\/nav><\/div>\n<h2><span class=\"ez-toc-section\" id=\"Un_parcours_professionnel_solide\"><\/span>Un parcours professionnel solide<span class=\"ez-toc-section-end\"><\/span><\/h2>\n<p>Apr\u00e8s avoir suivi une formation dipl\u00f4mante,<strong>Thomas St\u00e9phan est titulaire d&rsquo;un bac professionnel et d&rsquo;un BTS en fluide \u00e9nergie domotique<\/strong>. Il a acquis des comp\u00e9tences vari\u00e9es dans le domaine du chauffage en travaillant pendant plus de six ans en tant que salari\u00e9 avant de se lancer dans l&rsquo;aventure entrepreneuriale \u00e0 l&rsquo;\u00e2ge de 27 ans.<\/p>\n<h3><span class=\"ez-toc-section\" id=\"Des_competences_variees_au_service_des_clients\"><\/span>Des comp\u00e9tences vari\u00e9es au service des clients<span class=\"ez-toc-section-end\"><\/span><\/h3>\n<p>Gr\u00e2ce \u00e0 son parcours professionnel, <strong>Thomas St\u00e9phan ma\u00eetrise tous les aspects relatifs aux chaudi\u00e8res gaz et fuel<\/strong>. Il intervient notamment sur :<\/p>\n<ul>\n<li>L&rsquo;entretien des chaudi\u00e8res,<\/li>\n<li>Le d\u00e9pannage en cas de dysfonctionnement,<\/li>\n<li>L&rsquo;installation de nouvelles chaudi\u00e8res,<\/li>\n<li>Le suivi r\u00e9gulier des installations,<\/li>\n<li>La r\u00e9paration ou le remplacement de pi\u00e8ces d\u00e9fectueuses.<\/li>\n<\/ul>\n<h2><span class=\"ez-toc-section\" id=\"Une_entreprise_locale_a_lecoute_de_sa_clientele\"><\/span>Une entreprise locale \u00e0 l&rsquo;\u00e9coute de sa client\u00e8le<span class=\"ez-toc-section-end\"><\/span><\/h2>\n<p>Situ\u00e9e au c\u0153ur du Finist\u00e8re, <strong>l&rsquo;entreprise de Thomas St\u00e9phan est implant\u00e9e au bourg de Melgven<\/strong>. Cette proximit\u00e9 g\u00e9ographique permet \u00e0 l&rsquo;artisan d&rsquo;intervenir rapidement pour r\u00e9pondre aux besoins et exigences de ses clients. De plus, en privil\u00e9giant une relation de confiance avec les habitants de la r\u00e9gion, le jeune entrepreneur entend proposer des prestations personnalis\u00e9es qui s&rsquo;adaptent parfaitement aux attentes de chacun.<\/p>\n<h3><span class=\"ez-toc-section\" id=\"Des_services_adaptes_aux_particuliers_comme_aux_professionnels\"><\/span>Des services adapt\u00e9s aux particuliers comme aux professionnels<span class=\"ez-toc-section-end\"><\/span><\/h3>\n<p>Au-del\u00e0 de son expertise technique, <strong>Thomas St\u00e9phan mise sur un accompagnement complet et sur-mesure pour chacun de ses clients<\/strong>. Qu&rsquo;il s&rsquo;agisse de particuliers ou de professionnels, il se tient \u00e0 leur disposition pour :<\/p>\n<ul>\n<li>R\u00e9aliser des diagnostics approfondis,<\/li>\n<li>Proposer des solutions optimales en fonction des besoins,<\/li>\n<li>Suivre leurs installations tout au long de leur dur\u00e9e de vie,<\/li>\n<li>Assurer une maintenance r\u00e9guli\u00e8re et pr\u00e9ventive.<\/li>\n<\/ul>\n<h2><span class=\"ez-toc-section\" id=\"Une_activite_en_plein_essor_malgre_la_crise_sanitaire\"><\/span>Une activit\u00e9 en plein essor malgr\u00e9 la crise sanitaire<span class=\"ez-toc-section-end\"><\/span><\/h2>\n<p>Thomas St\u00e9phan a choisi de lancer son entreprise en pleine p\u00e9riode de pand\u00e9mie, faisant ainsi preuve d&rsquo;une grande audace et d&rsquo;un r\u00e9el engagement. Malgr\u00e9 ce contexte difficile, <strong>son activit\u00e9 rencontre un succ\u00e8s grandissant aupr\u00e8s de sa client\u00e8le<\/strong>, soulignant ainsi le besoin pour les habitants de la r\u00e9gion d&rsquo;acc\u00e9der \u00e0 des services de qualit\u00e9 en mati\u00e8re de chauffage.<\/p>\n<h3><span class=\"ez-toc-section\" id=\"Un_entrepreneur_qui_sadapte_aux_contraintes_du_moment\"><\/span>Un entrepreneur qui s&rsquo;adapte aux contraintes du moment<span class=\"ez-toc-section-end\"><\/span><\/h3>\n<p>Pour faire face aux d\u00e9fis actuels, Thomas St\u00e9phan a mis en place des mesures strictes afin de pr\u00e9server la sant\u00e9 et la s\u00e9curit\u00e9 de ses clients. <strong>Organisation de rendez-vous avec minutie, respect des gestes barri\u00e8res lors des interventions ou encore utilisation d&rsquo;\u00e9quipements de protection individuelle sont autant de mesures qui lui permettent de continuer \u00e0 exercer son m\u00e9tier tout en garantissant un service s\u00e9curis\u00e9.<\/strong><\/p>\n<h2><span class=\"ez-toc-section\" id=\"En_resume_une_entreprise_au_service_des_habitants_de_Melgven\"><\/span>En r\u00e9sum\u00e9&nbsp;: une entreprise au service des habitants de Melgven<span class=\"ez-toc-section-end\"><\/span><\/h2>\n<p><strong>L&rsquo;entreprise de chauffagiste cr\u00e9\u00e9e par Thomas St\u00e9phan \u00e0 Melgven se veut \u00eatre un partenaire privil\u00e9gi\u00e9 pour les particuliers et les professionnels<\/strong> souhaitant b\u00e9n\u00e9ficier d&rsquo;un service de qualit\u00e9 dans le domaine du chauffage. Gr\u00e2ce \u00e0 une ma\u00eetrise technique compl\u00e8te et une relation de confiance \u00e9tablie avec sa client\u00e8le, l&rsquo;artisan fait rapidement parler de lui dans le secteur et semble bien parti pour exprimer tout son potentiel.<\/p>\n","protected":false},"excerpt":{"rendered":"<div class=\"mh-excerpt\"><p>Le jeune artisan Thomas St\u00e9phan est pr\u00eat pour toutes interventions sur les chaudi\u00e8res gaz et fuel apr\u00e8s avoir cr\u00e9\u00e9 son entreprise individuelle \u00e0 Melgven. Thomas, <a class=\"mh-excerpt-more\" href=\"https:\/\/chauffagiste.tel\/blog\/2023\/10\/27\/thomas-stephan-lance-son-activite-de-chauffagiste-a-melgven\/\" title=\"Thomas St\u00e9phan lance son activit\u00e9 de chauffagiste \u00e0 Melgven\">[&#8230;]<\/a><\/p>\n<\/div>","protected":false},"author":5,"featured_media":12,"comment_status":"open","ping_status":"open","sticky":false,"template":"","format":"standard","meta":{"footnotes":""},"categories":[1],"tags":[],"class_list":["post-9","post","type-post","status-publish","format-standard","has-post-thumbnail","hentry","category-non-classe"],"_links":{"self":[{"href":"https:\/\/chauffagiste.tel\/blog\/wp-json\/wp\/v2\/posts\/9","targetHints":{"allow":["GET"]}}],"collection":[{"href":"https:\/\/chauffagiste.tel\/blog\/wp-json\/wp\/v2\/posts"}],"about":[{"href":"https:\/\/chauffagiste.tel\/blog\/wp-json\/wp\/v2\/types\/post"}],"author":[{"embeddable":true,"href":"https:\/\/chauffagiste.tel\/blog\/wp-json\/wp\/v2\/users\/5"}],"replies":[{"embeddable":true,"href":"https:\/\/chauffagiste.tel\/blog\/wp-json\/wp\/v2\/comments?post=9"}],"version-history":[{"count":1,"href":"https:\/\/chauffagiste.tel\/blog\/wp-json\/wp\/v2\/posts\/9\/revisions"}],"predecessor-version":[{"id":13,"href":"https:\/\/chauffagiste.tel\/blog\/wp-json\/wp\/v2\/posts\/9\/revisions\/13"}],"wp:featuredmedia":[{"embeddable":true,"href":"https:\/\/chauffagiste.tel\/blog\/wp-json\/wp\/v2\/media\/12"}],"wp:attachment":[{"href":"https:\/\/chauffagiste.tel\/blog\/wp-json\/wp\/v2\/media?parent=9"}],"wp:term":[{"taxonomy":"category","embeddable":true,"href":"https:\/\/chauffagiste.tel\/blog\/wp-json\/wp\/v2\/categories?post=9"},{"taxonomy":"post_tag","embeddable":true,"href":"https:\/\/chauffagiste.tel\/blog\/wp-json\/wp\/v2\/tags?post=9"}],"curies":[{"name":"wp","href":"https:\/\/api.w.org\/{rel}","templated":true}]}}